{"id":126,"date":"2008-01-11T17:33:48","date_gmt":"2008-01-11T15:33:48","guid":{"rendered":"http:\/\/www.pedroredondo.com\/?p=126"},"modified":"2008-01-11T17:33:48","modified_gmt":"2008-01-11T15:33:48","slug":"segundo-premio-de-fotografia","status":"publish","type":"post","link":"https:\/\/www.pedroredondo.com\/?p=126","title":{"rendered":"Segundo Premio de Fotograf\u00eda"},"content":{"rendered":"<p>Al final consegu\u00ed el Accesit (2\u00ba premio) en la modalidad de Fotograf\u00eda Digital, me dieron una placa y un premio en met\u00e1lico de 150\u20ac.<br \/>\n<a href=\"http:\/\/www.flickr.com\/photos\/pedroredondo\/2185661818\/\" title=\"2\u00ba Premio de Fotograf\u00eda por Pedro Redondo, en Flickr\"><\/p>\n<p style=\"text-align: center\"><img loading=\"lazy\" decoding=\"async\" src=\"http:\/\/farm3.static.flickr.com\/2305\/2185661818_12ff070218_o.jpg\" alt=\"2\u00ba Premio de Fotograf\u00eda\" height=\"350\" width=\"450\" \/><\/p>\n<p><\/a><\/p>\n<p>El Primer premio lo gan\u00f3 un compa\u00f1ero de trabajo con una foto genial de unas botas, a ver si se la pido y la pongo aqu\u00ed.<\/p>\n<p>La foto con la que gan\u00e9 es la del Estrecho de Noche:<\/p>\n<p><a href=\"http:\/\/www.flickr.com\/photos\/pedroredondo\/2080480502\/\" title=\"Estrecho de noche por Pedro Redondo, en Flickr\"><\/p>\n<p style=\"text-align: center\"><img decoding=\"async\" src=\"http:\/\/farm3.static.flickr.com\/2280\/2080480502_c1dd1f766d.jpg\" alt=\"Estrecho de noche\" width=\"450\" \/><\/p>\n<p><\/a><\/p>\n","protected":false},"excerpt":{"rendered":"<p>Al final consegu\u00ed el Accesit (2\u00ba premio) en la modalidad de Fotograf\u00eda Digital, me dieron una placa y un premio en met\u00e1lico de 150\u20ac. El Primer premio lo gan\u00f3 un compa\u00f1ero de trabajo con una foto genial de unas botas, a ver si se la pido y la pongo aqu\u00ed. La foto con la que &hellip; <\/p>\n<p class=\"link-more\"><a href=\"https:\/\/www.pedroredondo.com\/?p=126\" class=\"more-link\">Continuar leyendo<span class=\"screen-reader-text\"> \u00abSegundo Premio de Fotograf\u00eda\u00bb<\/span><\/a><\/p>\n","protected":false},"author":2,"featured_media":0,"comment_status":"open","ping_status":"open","sticky":false,"template":"","format":"standard","meta":{"footnotes":""},"categories":[17,2],"tags":[],"class_list":["post-126","post","type-post","status-publish","format-standard","hentry","category-fotografia","category-personal"],"_links":{"self":[{"href":"https:\/\/www.pedroredondo.com\/index.php?rest_route=\/wp\/v2\/posts\/126"}],"collection":[{"href":"https:\/\/www.pedroredondo.com\/index.php?rest_route=\/wp\/v2\/posts"}],"about":[{"href":"https:\/\/www.pedroredondo.com\/index.php?rest_route=\/wp\/v2\/types\/post"}],"author":[{"embeddable":true,"href":"https:\/\/www.pedroredondo.com\/index.php?rest_route=\/wp\/v2\/users\/2"}],"replies":[{"embeddable":true,"href":"https:\/\/www.pedroredondo.com\/index.php?rest_route=%2Fwp%2Fv2%2Fcomments&post=126"}],"version-history":[{"count":0,"href":"https:\/\/www.pedroredondo.com\/index.php?rest_route=\/wp\/v2\/posts\/126\/revisions"}],"wp:attachment":[{"href":"https:\/\/www.pedroredondo.com\/index.php?rest_route=%2Fwp%2Fv2%2Fmedia&parent=126"}],"wp:term":[{"taxonomy":"category","embeddable":true,"href":"https:\/\/www.pedroredondo.com\/index.php?rest_route=%2Fwp%2Fv2%2Fcategories&post=126"},{"taxonomy":"post_tag","embeddable":true,"href":"https:\/\/www.pedroredondo.com\/index.php?rest_route=%2Fwp%2Fv2%2Ftags&post=126"}],"curies":[{"name":"wp","href":"https:\/\/api.w.org\/{rel}","templated":true}]}}