{"id":137,"date":"2008-04-18T13:50:09","date_gmt":"2008-04-18T10:50:09","guid":{"rendered":"http:\/\/www.pedroredondo.com\/2008\/04\/18\/otro-segundo-premio\/"},"modified":"2008-04-19T02:02:45","modified_gmt":"2008-04-18T23:02:45","slug":"otro-segundo-premio","status":"publish","type":"post","link":"https:\/\/www.pedroredondo.com\/?p=137","title":{"rendered":"Otro Segundo Premio"},"content":{"rendered":"<p>Me he vuelto a presentar a un concurso de fotograf\u00eda, en esta ocasi\u00f3n es de la Agrupaci\u00f3n Fotogr\u00e1fica de Ceuta y he ganado el Segundo Premio en la modalidad de Fotograf\u00eda a Color. El pr\u00f3ximo jueves recoger\u00e9 el premio que ser\u00e1 una placa y 200\u20ac en material fotogr\u00e1fico. Ya llevo ganados 500\u20ac en premios con la c\u00e1mara. Esta es la fotograf\u00eda ganadora:<br \/>\nMarea Baja (Desnarigado)<\/p>\n<p style=\"text-align: center\"><a href=\"http:\/\/www.flickr.com\/photos\/pedroredondo\/2422279637\/\" title=\"Marea Baja Desnarigado por Pedro Redondo, en Flickr\"><img loading=\"lazy\" decoding=\"async\" src=\"http:\/\/farm3.static.flickr.com\/2060\/2422279637_6f70442675.jpg\" alt=\"Marea Baja Desnarigado\" height=\"500\" width=\"333\" \/><\/a><\/p>\n<p>Pulsa en m\u00e1s para ver las otras fotografias que present\u00e9.<br \/>\n<!--more--><br \/>\n<strong>Planeta<\/strong><br \/>\n<a href=\"http:\/\/www.flickr.com\/photos\/pedroredondo\/2421381449\/\" title=\"Planeta Caballa por Pedro Redondo, en Flickr\"><\/a><\/p>\n<p style=\"text-align: center\"><a href=\"http:\/\/www.flickr.com\/photos\/pedroredondo\/2421381449\/\" title=\"Planeta Caballa por Pedro Redondo, en Flickr\"><img loading=\"lazy\" decoding=\"async\" src=\"http:\/\/farm3.static.flickr.com\/2258\/2421381449_68fa924ddf.jpg\" alt=\"Planeta Caballa\" height=\"500\" width=\"500\" \/><\/a><\/p>\n<p><strong>Drag\u00f3n<\/strong><br \/>\n<a href=\"http:\/\/www.flickr.com\/photos\/pedroredondo\/2421437427\/\" title=\"Dragon por Pedro Redondo, en Flickr\"><\/a><\/p>\n<p style=\"text-align: center\"><a href=\"http:\/\/www.flickr.com\/photos\/pedroredondo\/2421437427\/\" title=\"Dragon por Pedro Redondo, en Flickr\"><img loading=\"lazy\" decoding=\"async\" src=\"http:\/\/farm3.static.flickr.com\/2081\/2421437427_7fc579bfa9.jpg\" alt=\"Dragon\" height=\"333\" width=\"500\" \/><\/a><\/p>\n<p><strong> Trujillo y la Luna<\/strong><br \/>\n<a href=\"http:\/\/www.flickr.com\/photos\/pedroredondo\/2422256736\/\" title=\"Trujillo y la Luna por Pedro Redondo, en Flickr\"><\/a><\/p>\n<p style=\"text-align: center\"><a href=\"http:\/\/www.flickr.com\/photos\/pedroredondo\/2422256736\/\" title=\"Trujillo y la Luna por Pedro Redondo, en Flickr\"><img loading=\"lazy\" decoding=\"async\" src=\"http:\/\/farm3.static.flickr.com\/2191\/2422256736_a66f657fae.jpg\" alt=\"Trujillo y la Luna\" height=\"333\" width=\"500\" \/><\/a><\/p>\n<p><strong>Velocidad<\/strong><br \/>\n<a href=\"http:\/\/www.flickr.com\/photos\/pedroredondo\/2421434425\/\" title=\"Velocidad por Pedro Redondo, en Flickr\"><\/a><\/p>\n<p style=\"text-align: center\"><a href=\"http:\/\/www.flickr.com\/photos\/pedroredondo\/2421434425\/\" title=\"Velocidad por Pedro Redondo, en Flickr\"><img loading=\"lazy\" decoding=\"async\" src=\"http:\/\/farm4.static.flickr.com\/3091\/2421434425_b8bc47bcb2.jpg\" alt=\"Velocidad\" height=\"333\" width=\"500\" \/><\/a><\/p>\n","protected":false},"excerpt":{"rendered":"<p>Me he vuelto a presentar a un concurso de fotograf\u00eda, en esta ocasi\u00f3n es de la Agrupaci\u00f3n Fotogr\u00e1fica de Ceuta y he ganado el Segundo Premio en la modalidad de Fotograf\u00eda a Color. El pr\u00f3ximo jueves recoger\u00e9 el premio que ser\u00e1 una placa y 200\u20ac en material fotogr\u00e1fico. Ya llevo ganados 500\u20ac en premios con &hellip; <\/p>\n<p class=\"link-more\"><a href=\"https:\/\/www.pedroredondo.com\/?p=137\" class=\"more-link\">Continuar leyendo<span class=\"screen-reader-text\"> \u00abOtro Segundo Premio\u00bb<\/span><\/a><\/p>\n","protected":false},"author":2,"featured_media":0,"comment_status":"open","ping_status":"open","sticky":false,"template":"","format":"standard","meta":{"footnotes":""},"categories":[17,2],"tags":[],"class_list":["post-137","post","type-post","status-publish","format-standard","hentry","category-fotografia","category-personal"],"_links":{"self":[{"href":"https:\/\/www.pedroredondo.com\/index.php?rest_route=\/wp\/v2\/posts\/137"}],"collection":[{"href":"https:\/\/www.pedroredondo.com\/index.php?rest_route=\/wp\/v2\/posts"}],"about":[{"href":"https:\/\/www.pedroredondo.com\/index.php?rest_route=\/wp\/v2\/types\/post"}],"author":[{"embeddable":true,"href":"https:\/\/www.pedroredondo.com\/index.php?rest_route=\/wp\/v2\/users\/2"}],"replies":[{"embeddable":true,"href":"https:\/\/www.pedroredondo.com\/index.php?rest_route=%2Fwp%2Fv2%2Fcomments&post=137"}],"version-history":[{"count":0,"href":"https:\/\/www.pedroredondo.com\/index.php?rest_route=\/wp\/v2\/posts\/137\/revisions"}],"wp:attachment":[{"href":"https:\/\/www.pedroredondo.com\/index.php?rest_route=%2Fwp%2Fv2%2Fmedia&parent=137"}],"wp:term":[{"taxonomy":"category","embeddable":true,"href":"https:\/\/www.pedroredondo.com\/index.php?rest_route=%2Fwp%2Fv2%2Fcategories&post=137"},{"taxonomy":"post_tag","embeddable":true,"href":"https:\/\/www.pedroredondo.com\/index.php?rest_route=%2Fwp%2Fv2%2Ftags&post=137"}],"curies":[{"name":"wp","href":"https:\/\/api.w.org\/{rel}","templated":true}]}}