{"id":60,"date":"2007-05-02T13:13:42","date_gmt":"2007-05-02T11:13:42","guid":{"rendered":"http:\/\/www.pedroredondo.com\/?p=60"},"modified":"2007-05-02T13:13:42","modified_gmt":"2007-05-02T11:13:42","slug":"mi-g5","status":"publish","type":"post","link":"https:\/\/www.pedroredondo.com\/?p=60","title":{"rendered":"Mi G5"},"content":{"rendered":"<p>Desde el mes de enero de este a\u00f1o, tras mi viaje a Melilla, cambie de ordenador en el trabajo. Ya no utilizo mi eMac G4 a 1.25Ghz ahora utilizo un Power Mac G5 Quad a 2.5Ghz con 4GB de RAM, y despu\u00e9s de estar utiliz\u00e1ndolo durante este tiempo he llegado a una conclusi\u00f3n, no quiero utilizar otro ordenador que no sea este.<\/p>\n<p>En el arranque no es tan r\u00e1pido como un mac mini de Intel, pero despu\u00e9s de este todo funciona a velocidad incre\u00edble, el rendimiento nunca decae, da igual tener abiertos todos los programas que quieras, que est\u00e9s codificando un video o cualquier tarea que demande recursos del ordenador, en ning\u00fan momento se ralentiza o tiene ca\u00eddas en el rendimiento. Es el \u00fanico ordenador que no tengo que estar esper\u00e1ndolo para hacer tareas.<\/p>\n<p>Si mal no recuerdo este ordenador dentro de la gama G5, es el m\u00e1s potente que fabric\u00f3 Apple, lo compramos el a\u00f1o pasado aproximadamente un mes antes de la aparici\u00f3n del Mac Pro. Aunque a d\u00eda de hoy no lo cambiaba por un Mac Pro porque los \u00fanicos que lo superan en rendimiento son los Mac Pro a 3Ghz de 4 y 8 n\u00facleos, pero tienen la desventaja de que las aplicaciones que utilizo a diario son de PowerPC, que al funcionar en estos lo hacen bajo Rosetta y el rendimiento baja, adem\u00e1s pierdo una ventaja que tiene el G5, y es el poder utilizar el entorno Classic, que aunque no lo utilizo mucho, para alg\u00fan programa muy antiguo siempre viene bien poder ejecutarlo.<\/p>\n<p>Mi ordenador personal sigue siendo un PC, pero sin duda el pr\u00f3ximo ordenador que me compre ser\u00e1 un mac, y seguramente un Mac Pro, porque no tener que estar continuamente esperando al ordenador es algo que no tiene precio.<\/p>\n","protected":false},"excerpt":{"rendered":"<p>Desde el mes de enero de este a\u00f1o, tras mi viaje a Melilla, cambie de ordenador en el trabajo. Ya no utilizo mi eMac G4 a 1.25Ghz ahora utilizo un Power Mac G5 Quad a 2.5Ghz con 4GB de RAM, y despu\u00e9s de estar utiliz\u00e1ndolo durante este tiempo he llegado a una conclusi\u00f3n, no quiero &hellip; <\/p>\n<p class=\"link-more\"><a href=\"https:\/\/www.pedroredondo.com\/?p=60\" class=\"more-link\">Continuar leyendo<span class=\"screen-reader-text\"> \u00abMi G5\u00bb<\/span><\/a><\/p>\n","protected":false},"author":2,"featured_media":0,"comment_status":"open","ping_status":"open","sticky":false,"template":"","format":"standard","meta":{"footnotes":""},"categories":[5,2],"tags":[],"class_list":["post-60","post","type-post","status-publish","format-standard","hentry","category-apple","category-personal"],"_links":{"self":[{"href":"https:\/\/www.pedroredondo.com\/index.php?rest_route=\/wp\/v2\/posts\/60"}],"collection":[{"href":"https:\/\/www.pedroredondo.com\/index.php?rest_route=\/wp\/v2\/posts"}],"about":[{"href":"https:\/\/www.pedroredondo.com\/index.php?rest_route=\/wp\/v2\/types\/post"}],"author":[{"embeddable":true,"href":"https:\/\/www.pedroredondo.com\/index.php?rest_route=\/wp\/v2\/users\/2"}],"replies":[{"embeddable":true,"href":"https:\/\/www.pedroredondo.com\/index.php?rest_route=%2Fwp%2Fv2%2Fcomments&post=60"}],"version-history":[{"count":0,"href":"https:\/\/www.pedroredondo.com\/index.php?rest_route=\/wp\/v2\/posts\/60\/revisions"}],"wp:attachment":[{"href":"https:\/\/www.pedroredondo.com\/index.php?rest_route=%2Fwp%2Fv2%2Fmedia&parent=60"}],"wp:term":[{"taxonomy":"category","embeddable":true,"href":"https:\/\/www.pedroredondo.com\/index.php?rest_route=%2Fwp%2Fv2%2Fcategories&post=60"},{"taxonomy":"post_tag","embeddable":true,"href":"https:\/\/www.pedroredondo.com\/index.php?rest_route=%2Fwp%2Fv2%2Ftags&post=60"}],"curies":[{"name":"wp","href":"https:\/\/api.w.org\/{rel}","templated":true}]}}